{"id":15942,"date":"2018-02-09T22:08:13","date_gmt":"2018-02-09T21:08:13","guid":{"rendered":"https:\/\/www.wineinsicily.com\/?p=15942"},"modified":"2018-02-11T17:18:36","modified_gmt":"2018-02-11T16:18:36","slug":"prowein-2018-sicilian-wines-meets-dusseldorf","status":"publish","type":"post","link":"https:\/\/www.wineinsicily.com\/en\/prowein-2018-sicilian-wines-meets-dusseldorf\/","title":{"rendered":"Prowein 2018, sicilian wines meets D\u00fcsseldorf"},"content":{"rendered":"<blockquote><p><strong>ProWein<\/strong> is the world\u2019s leading trade fair for wine and\u00a0spirits,\u00a0the largest industry\u00a0meeting for professionals\u00a0from viticulture, production, trade and gastronomy.\u00a0Three days of concentrated business and a highly promising ancillary program prove that ProWein is the meeting place No. 1 for the industry<\/p><\/blockquote>\n<div id=\"attachment_15918\" style=\"width: 310px\" class=\"wp-caption alignright\"><img loading=\"lazy\" decoding=\"async\" aria-describedby=\"caption-attachment-15918\" class=\"size-medium wp-image-15918\" src=\"https:\/\/wineinsicilycom.cdn-immedia.net\/wp-content\/uploads\/2018\/02\/duesseldorf-300x207.jpg\" alt=\"\" width=\"300\" height=\"207\" srcset=\"https:\/\/wineinsicilycom.cdn-immedia.net\/wp-content\/uploads\/2018\/02\/duesseldorf-300x207.jpg 300w, https:\/\/wineinsicilycom.cdn-immedia.net\/wp-content\/uploads\/2018\/02\/duesseldorf.jpg 500w\" sizes=\"auto, (max-width: 300px) 100vw, 300px\" \/><p id=\"caption-attachment-15918\" class=\"wp-caption-text\">D\u00fcsseldorf<\/p><\/div>\n<p>(DE) Die <strong>ProWein<\/strong> ist die Weltleitmesse f\u00fcr Wein und Spirituosen, der gr\u00f6\u00dfte Branchentreff f\u00fcr die Fachleute aus Anbau, Erzeugung, Gastronomie und Handel.\u00a0Drei Tage konzentriertes Gesch\u00e4ft und ein hochinteressantes Rahmenprogramm machen\u00a0die ProWein zum Branchentreffpunkt Nr. 1. Freuen Sie sich auf die ProWein 2018.<\/p>\n<p><strong>Wines of Sicily\u00a0<\/strong>(Nehmen Sie Kontakt f\u00fcr weitere Infos \/ consider many other sicilian wineries are represented at Prowein 2018. Please, for further informations contact the wineries)<\/p>\n<p><strong>Agrigento<\/strong><br \/>\nCVA Canicatt\u00ec<br \/>\nBaglio del Cristo di Campobello<br \/>\nDi Giovanna<br \/>\nFeudo Montoni<br \/>\nLombardo Vini<\/p>\n<p><strong><img loading=\"lazy\" decoding=\"async\" class=\"alignright size-medium wp-image-15946\" src=\"https:\/\/wineinsicilycom.cdn-immedia.net\/wp-content\/uploads\/2018\/02\/prowein_gen2018-1-300x98.jpg\" alt=\"\" width=\"300\" height=\"98\" srcset=\"https:\/\/wineinsicilycom.cdn-immedia.net\/wp-content\/uploads\/2018\/02\/prowein_gen2018-1-300x98.jpg 300w, https:\/\/wineinsicilycom.cdn-immedia.net\/wp-content\/uploads\/2018\/02\/prowein_gen2018-1.jpg 400w\" sizes=\"auto, (max-width: 300px) 100vw, 300px\" \/>Catania \/ Etna<\/strong><br \/>\nBarone di Villagrande<br \/>\nNicosia<\/p>\n<p><strong>Messina<\/strong><br \/>\nFeudo Solaria<\/p>\n<p><strong>Palermo<\/strong><br \/>\nAlessandro di Camporeale<br \/>\nBaglio di Pianetto<br \/>\nFeudo Disisa<br \/>\nLibera Terra, Centopassi<br \/>\nPrincipi di Spadafora<\/p>\n<p><strong>Ragusa<\/strong><br \/>\nGulfi<\/p>\n<p><strong>Siracusa<br \/>\n<\/strong>Gulino &#8211; Enofanusa<\/p>\n<p><strong>Trapani<\/strong><br \/>\nCaruso &amp; Minini<br \/>\nFazio Wines<br \/>\nFirriato<\/p>\n<hr \/>\n<p><em>Please note, the above mentioned list show the sicilian wineries that participate to the &#8220;Collettiva\u00a0Assovini Sicilia \/ Istituto regionale della vite e del vino&#8221;, <span style=\"text-decoration: underline; color: #993366;\"><strong>Hall 16 &#8211; C62<\/strong><\/span>.<\/em><\/p>\n<p><img loading=\"lazy\" decoding=\"async\" class=\"aligncenter wp-image-15945 size-full\" src=\"https:\/\/wineinsicilycom.cdn-immedia.net\/wp-content\/uploads\/2018\/02\/hall16.jpg\" alt=\"\" width=\"1000\" height=\"879\" srcset=\"https:\/\/wineinsicilycom.cdn-immedia.net\/wp-content\/uploads\/2018\/02\/hall16.jpg 1000w, https:\/\/wineinsicilycom.cdn-immedia.net\/wp-content\/uploads\/2018\/02\/hall16-300x264.jpg 300w, https:\/\/wineinsicilycom.cdn-immedia.net\/wp-content\/uploads\/2018\/02\/hall16-600x527.jpg 600w\" sizes=\"auto, (max-width: 1000px) 100vw, 1000px\" \/><\/p>\n<p><img loading=\"lazy\" decoding=\"async\" class=\"alignright size-full wp-image-15948\" src=\"https:\/\/wineinsicilycom.cdn-immedia.net\/wp-content\/uploads\/2018\/02\/C62.jpg\" alt=\"\" width=\"963\" height=\"781\" srcset=\"https:\/\/wineinsicilycom.cdn-immedia.net\/wp-content\/uploads\/2018\/02\/C62.jpg 963w, https:\/\/wineinsicilycom.cdn-immedia.net\/wp-content\/uploads\/2018\/02\/C62-300x243.jpg 300w, https:\/\/wineinsicilycom.cdn-immedia.net\/wp-content\/uploads\/2018\/02\/C62-600x487.jpg 600w\" sizes=\"auto, (max-width: 963px) 100vw, 963px\" \/><\/p>\n<p><a href=\"https:\/\/www.prowein.de\"><span style=\"text-decoration: underline;\"><span style=\"color: #993366; text-decoration: underline;\">www.prowein.de<\/span><\/span><\/a><\/p>\n","protected":false},"excerpt":{"rendered":"<p>ProWein is the world\u2019s leading trade fair for wine and\u00a0spirits,\u00a0the largest industry\u00a0meeting for professionals\u00a0from viticulture, production, trade and gastronomy.\u00a0Three days of concentrated business and a highly promising ancillary program prove that ProWein is the meeting place No. 1 for the industry (DE) Die ProWein ist &raquo;<\/p>\n","protected":false},"author":2,"featured_media":15922,"comment_status":"open","ping_status":"open","sticky":false,"template":"","format":"standard","meta":{"_acf_changed":false,"footnotes":""},"categories":[373,370],"tags":[1394,1229,3019,3018,1075,3016,3017],"class_list":["post-15942","post","type-post","status-publish","format-standard","has-post-thumbnail","hentry","category-events","category-highlight","tag-dusseldorf","tag-germany","tag-hall-16","tag-kellerei","tag-prowein","tag-sizilien","tag-wein"],"acf":[],"_links":{"self":[{"href":"https:\/\/www.wineinsicily.com\/en\/wp-json\/wp\/v2\/posts\/15942","targetHints":{"allow":["GET"]}}],"collection":[{"href":"https:\/\/www.wineinsicily.com\/en\/wp-json\/wp\/v2\/posts"}],"about":[{"href":"https:\/\/www.wineinsicily.com\/en\/wp-json\/wp\/v2\/types\/post"}],"author":[{"embeddable":true,"href":"https:\/\/www.wineinsicily.com\/en\/wp-json\/wp\/v2\/users\/2"}],"replies":[{"embeddable":true,"href":"https:\/\/www.wineinsicily.com\/en\/wp-json\/wp\/v2\/comments?post=15942"}],"version-history":[{"count":4,"href":"https:\/\/www.wineinsicily.com\/en\/wp-json\/wp\/v2\/posts\/15942\/revisions"}],"predecessor-version":[{"id":15949,"href":"https:\/\/www.wineinsicily.com\/en\/wp-json\/wp\/v2\/posts\/15942\/revisions\/15949"}],"wp:featuredmedia":[{"embeddable":true,"href":"https:\/\/www.wineinsicily.com\/en\/wp-json\/wp\/v2\/media\/15922"}],"wp:attachment":[{"href":"https:\/\/www.wineinsicily.com\/en\/wp-json\/wp\/v2\/media?parent=15942"}],"wp:term":[{"taxonomy":"category","embeddable":true,"href":"https:\/\/www.wineinsicily.com\/en\/wp-json\/wp\/v2\/categories?post=15942"},{"taxonomy":"post_tag","embeddable":true,"href":"https:\/\/www.wineinsicily.com\/en\/wp-json\/wp\/v2\/tags?post=15942"}],"curies":[{"name":"wp","href":"https:\/\/api.w.org\/{rel}","templated":true}]}}